{"id":3966,"date":"2025-10-06T12:38:53","date_gmt":"2025-10-06T15:38:53","guid":{"rendered":"http:\/\/cordeiroegoncalves.com.br\/?p=3966"},"modified":"2025-10-06T12:39:01","modified_gmt":"2025-10-06T15:39:01","slug":"dia-mundial-dos-animais-maus-tratos-geram-dispensa-por-justa-causa","status":"publish","type":"post","link":"https:\/\/cordeiroegoncalves.com.br\/en\/dia-mundial-dos-animais-maus-tratos-geram-dispensa-por-justa-causa\/","title":{"rendered":"Dia Mundial dos Animais: maus-tratos geram dispensa por justa causa"},"content":{"rendered":"<p><strong>Dia Mundial dos Animais: maus-tratos geram dispensa por justa causa<\/strong><\/p>\n\n\n\n<p>O Dia Mundial dos Animais, que foi celebrado em 4 de outubro, nos convida a refletir n\u00e3o apenas sobre a import\u00e2ncia que todas as esp\u00e9cies representam na vida comum, mas tamb\u00e9m sobre a necessidade de promover sua prote\u00e7\u00e3o em todas as esferas (ambiental, social e jur\u00eddica).<\/p>\n\n\n\n<p>Nesse contexto, uma recente decis\u00e3o da 1\u00aa C\u00e2mara do Tribunal Regional do Trabalho da 15\u00aa Regi\u00e3o (Campinas\/SP) chamou aten\u00e7\u00e3o ao manter a dispensa por justa causa de um trabalhador que praticou maus-tratos aos animais em uma fazenda onde trabalhava.<\/p>\n\n\n\n<p>Conforme o Boletim de Ocorr\u00eancia, o empregado foi flagrado com c\u00e3es amarrados, sem \u00e1gua, e com ferimentos, al\u00e9m de manter uma ave em condi\u00e7\u00f5es prec\u00e1rias.<\/p>\n\n\n\n<p>O Tribunal entendeu que a conduta do empregado configurou uma falta grave, capaz de romper a fid\u00facia necess\u00e1ria \u00e0 manuten\u00e7\u00e3o da rela\u00e7\u00e3o empregat\u00edcia, por violar princ\u00edpios de boa-f\u00e9, \u00e9tica e responsabilidade que norteiam o contrato de trabalho.<\/p>\n\n\n\n<p>Esse caso evidencia como a\u00e7\u00f5es, ainda que aparentemente desvinculadas da atividade profissional podem repercutir diretamente na esfera judicial trabalhista.<\/p>\n\n\n\n<p>Atos de crueldade contra animais <strong>n\u00e3o devem ser tolerados em nenhuma circunst\u00e2ncia<\/strong>, devendo ser firmemente reprovados e punidos nas esferas cab\u00edveis, incluindo a trabalhista.<\/p>\n\n\n\n<p>Vale destacar, ainda, que a responsabilidade pela conduta \u00e9tica e social n\u00e3o \u00e9 exclusiva do trabalhador. O empregador, mesmo que de pequeno porte, tamb\u00e9m deve adotar pol\u00edticas preventivas e de conscientiza\u00e7\u00e3o, refor\u00e7ando valores de respeito, empatia e responsabilidade socioambiental dentro do ambiente corporativo.<\/p>\n\n\n\n<p><strong>A prote\u00e7\u00e3o aos animais \u00e9 um dever coletivo<\/strong>! Casos de maus-tratos devem ser imediatamente comunicados \u00e0s autoridades competentes. Den\u00fancias podem ser feitas de forma an\u00f4nima por meio do <strong>Disque 190<\/strong> (Pol\u00edcia Militar), do <strong>canal Linha Verde do Ibama<\/strong> (0800 61 8080), ou diretamente na <strong>Delegacia de Pol\u00edcia<\/strong> mais pr\u00f3xima.<\/p>\n\n\n\n<p>Ficou com alguma d\u00favida? Entre em contato conosco!<\/p>\n\n\n\n<p>Giovanna Raquel In\u00e1cio<\/p>\n\n\n\n<p>Advogada \u2013 OAB\/SP 462.145<\/p>","protected":false},"excerpt":{"rendered":"<p>Dia Mundial dos Animais: maus-tratos geram dispensa por justa causa O Dia Mundial dos Animais, que foi celebrado em 4 de outubro, nos convida a refletir n\u00e3o apenas sobre a import\u00e2ncia que todas as esp\u00e9cies representam na vida comum, mas tamb\u00e9m sobre a necessidade de promover sua prote\u00e7\u00e3o em todas as esferas (ambiental, social e [&hellip;]<\/p>","protected":false},"author":1,"featured_media":3967,"comment_status":"open","ping_status":"open","sticky":false,"template":"","format":"standard","meta":[],"categories":[379,616,272],"tags":[],"_links":{"self":[{"href":"https:\/\/cordeiroegoncalves.com.br\/en\/wp-json\/wp\/v2\/posts\/3966"}],"collection":[{"href":"https:\/\/cordeiroegoncalves.com.br\/en\/wp-json\/wp\/v2\/posts"}],"about":[{"href":"https:\/\/cordeiroegoncalves.com.br\/en\/wp-json\/wp\/v2\/types\/post"}],"author":[{"embeddable":true,"href":"https:\/\/cordeiroegoncalves.com.br\/en\/wp-json\/wp\/v2\/users\/1"}],"replies":[{"embeddable":true,"href":"https:\/\/cordeiroegoncalves.com.br\/en\/wp-json\/wp\/v2\/comments?post=3966"}],"version-history":[{"count":1,"href":"https:\/\/cordeiroegoncalves.com.br\/en\/wp-json\/wp\/v2\/posts\/3966\/revisions"}],"predecessor-version":[{"id":3968,"href":"https:\/\/cordeiroegoncalves.com.br\/en\/wp-json\/wp\/v2\/posts\/3966\/revisions\/3968"}],"wp:featuredmedia":[{"embeddable":true,"href":"https:\/\/cordeiroegoncalves.com.br\/en\/wp-json\/wp\/v2\/media\/3967"}],"wp:attachment":[{"href":"https:\/\/cordeiroegoncalves.com.br\/en\/wp-json\/wp\/v2\/media?parent=3966"}],"wp:term":[{"taxonomy":"category","embeddable":true,"href":"https:\/\/cordeiroegoncalves.com.br\/en\/wp-json\/wp\/v2\/categories?post=3966"},{"taxonomy":"post_tag","embeddable":true,"href":"https:\/\/cordeiroegoncalves.com.br\/en\/wp-json\/wp\/v2\/tags?post=3966"}],"curies":[{"name":"wp","href":"https:\/\/api.w.org\/{rel}","templated":true}]}}