{"id":4004,"date":"2026-03-16T15:22:06","date_gmt":"2026-03-16T18:22:06","guid":{"rendered":"http:\/\/cordeiroegoncalves.com.br\/?p=4004"},"modified":"2026-03-16T15:22:07","modified_gmt":"2026-03-16T18:22:07","slug":"15-de-marco-dia-nacional-do-consumidor-e-dia-mundial-dos-direitos-do-consumidor","status":"publish","type":"post","link":"https:\/\/cordeiroegoncalves.com.br\/en\/15-de-marco-dia-nacional-do-consumidor-e-dia-mundial-dos-direitos-do-consumidor\/","title":{"rendered":"15 de mar\u00e7o: Dia Nacional do Consumidor e Dia Mundial dos Direitos do Consumidor"},"content":{"rendered":"<p><strong>15 de mar\u00e7o: Dia Nacional do Consumidor e Dia Mundial dos Direitos do Consumidor<\/strong><\/p>\n\n\n\n<p>O dia 15 de mar\u00e7o \u00e9 marcado por duas importantes celebra\u00e7\u00f5es relacionadas \u00e0s rela\u00e7\u00f5es de consumo: o Dia Nacional do Consumidor e o Dia Mundial dos Direitos do Consumidor. A data representa um momento de reflex\u00e3o sobre a import\u00e2ncia da prote\u00e7\u00e3o do consumidor, bem como sobre os avan\u00e7os e desafios existentes para garantir rela\u00e7\u00f5es de consumo mais justas, equilibradas e transparentes. Mais do que uma ocasi\u00e3o associada a promo\u00e7\u00f5es comerciais, trata-se de um marco voltado \u00e0 conscientiza\u00e7\u00e3o da sociedade sobre direitos, deveres e responsabilidade nas rela\u00e7\u00f5es entre consumidores e fornecedores.<\/p>\n\n\n\n<p>A origem da data remonta ao ano de 1962, quando o ent\u00e3o presidente dos Estados Unidos, John F. Kennedy, realizou um discurso hist\u00f3rico ao Congresso norte-americano abordando a necessidade de prote\u00e7\u00e3o aos consumidores. Nesse pronunciamento, foram destacados direitos fundamentais, como o direito \u00e0 seguran\u00e7a, \u00e0 informa\u00e7\u00e3o, \u00e0 escolha e a ser ouvido. Esse posicionamento foi considerado um marco internacional na defesa do consumidor e inspirou diversos pa\u00edses a desenvolver pol\u00edticas p\u00fablicas voltadas \u00e0 prote\u00e7\u00e3o do cidad\u00e3o nas rela\u00e7\u00f5es de consumo. Posteriormente, a Organiza\u00e7\u00e3o das Na\u00e7\u00f5es Unidas reconheceu oficialmente o dia 15 de mar\u00e7o como o Dia Mundial dos Direitos do Consumidor.<\/p>\n\n\n\n<p>No Brasil, a prote\u00e7\u00e3o ao consumidor ganhou maior for\u00e7a com a promulga\u00e7\u00e3o da Constitui\u00e7\u00e3o Federal de 1988, que incluiu a defesa do consumidor como um direito fundamental e determinou que o Estado deveria promover sua prote\u00e7\u00e3o. Esse avan\u00e7o foi consolidado com a cria\u00e7\u00e3o do C\u00f3digo de Defesa do Consumidor (Lei n\u00ba 8.078\/1990), uma das legisla\u00e7\u00f5es mais importantes do pa\u00eds nesse campo. O c\u00f3digo estabeleceu regras claras para as rela\u00e7\u00f5es de consumo, proibiu pr\u00e1ticas abusivas e garantiu mecanismos de prote\u00e7\u00e3o e repara\u00e7\u00e3o para consumidores que se sentirem prejudicados.<\/p>\n\n\n\n<p>Al\u00e9m da legisla\u00e7\u00e3o, institui\u00e7\u00f5es de defesa do consumidor, como os Procons, desempenham um papel fundamental na orienta\u00e7\u00e3o da popula\u00e7\u00e3o e na media\u00e7\u00e3o de conflitos entre consumidores e empresas. Esses \u00f3rg\u00e3os atuam na fiscaliza\u00e7\u00e3o, no atendimento de reclama\u00e7\u00f5es e na promo\u00e7\u00e3o de campanhas educativas, contribuindo para fortalecer a cultura de respeito aos direitos do consumidor e incentivar pr\u00e1ticas comerciais mais respons\u00e1veis.<\/p>\n\n\n\n<p>Nos dias atuais, as rela\u00e7\u00f5es de consumo passam por constantes transforma\u00e7\u00f5es, especialmente em raz\u00e3o do crescimento do com\u00e9rcio eletr\u00f4nico e das novas tecnologias. Essas mudan\u00e7as trazem novos desafios para a prote\u00e7\u00e3o do consumidor, exigindo atualiza\u00e7\u00e3o das normas e maior conscientiza\u00e7\u00e3o da popula\u00e7\u00e3o sobre seus direitos. Nesse contexto, o dia 15 de mar\u00e7o tamb\u00e9m serve como um momento de reflex\u00e3o sobre a import\u00e2ncia do consumo consciente e da informa\u00e7\u00e3o como ferramentas de prote\u00e7\u00e3o.<\/p>\n\n\n\n<p>Portanto, o Dia Nacional do Consumidor e o Dia Mundial dos Direitos do Consumidor representam marcos importantes na promo\u00e7\u00e3o da cidadania e na defesa de rela\u00e7\u00f5es de consumo mais equilibradas. A data refor\u00e7a a necessidade de garantir que consumidores sejam respeitados e bem informados, ao mesmo tempo em que incentiva empresas e institui\u00e7\u00f5es a atuarem com responsabilidade, transpar\u00eancia e compromisso com a sociedade.<\/p>\n\n\n\n<p>Ficou com alguma d\u00favida? Nossa equipe est\u00e1 \u00e0 disposi\u00e7\u00e3o para discutir e esclarecer este tema.<\/p>\n\n\n\n<p>Mait\u00ea Bressan Soares Bariotto<\/p>","protected":false},"excerpt":{"rendered":"<p>15 de mar\u00e7o: Dia Nacional do Consumidor e Dia Mundial dos Direitos do Consumidor O dia 15 de mar\u00e7o \u00e9 marcado por duas importantes celebra\u00e7\u00f5es relacionadas \u00e0s rela\u00e7\u00f5es de consumo: o Dia Nacional do Consumidor e o Dia Mundial dos Direitos do Consumidor. A data representa um momento de reflex\u00e3o sobre a import\u00e2ncia da prote\u00e7\u00e3o [&hellip;]<\/p>","protected":false},"author":1,"featured_media":4005,"comment_status":"open","ping_status":"open","sticky":false,"template":"","format":"standard","meta":[],"categories":[379,271],"tags":[556],"_links":{"self":[{"href":"https:\/\/cordeiroegoncalves.com.br\/en\/wp-json\/wp\/v2\/posts\/4004"}],"collection":[{"href":"https:\/\/cordeiroegoncalves.com.br\/en\/wp-json\/wp\/v2\/posts"}],"about":[{"href":"https:\/\/cordeiroegoncalves.com.br\/en\/wp-json\/wp\/v2\/types\/post"}],"author":[{"embeddable":true,"href":"https:\/\/cordeiroegoncalves.com.br\/en\/wp-json\/wp\/v2\/users\/1"}],"replies":[{"embeddable":true,"href":"https:\/\/cordeiroegoncalves.com.br\/en\/wp-json\/wp\/v2\/comments?post=4004"}],"version-history":[{"count":1,"href":"https:\/\/cordeiroegoncalves.com.br\/en\/wp-json\/wp\/v2\/posts\/4004\/revisions"}],"predecessor-version":[{"id":4006,"href":"https:\/\/cordeiroegoncalves.com.br\/en\/wp-json\/wp\/v2\/posts\/4004\/revisions\/4006"}],"wp:featuredmedia":[{"embeddable":true,"href":"https:\/\/cordeiroegoncalves.com.br\/en\/wp-json\/wp\/v2\/media\/4005"}],"wp:attachment":[{"href":"https:\/\/cordeiroegoncalves.com.br\/en\/wp-json\/wp\/v2\/media?parent=4004"}],"wp:term":[{"taxonomy":"category","embeddable":true,"href":"https:\/\/cordeiroegoncalves.com.br\/en\/wp-json\/wp\/v2\/categories?post=4004"},{"taxonomy":"post_tag","embeddable":true,"href":"https:\/\/cordeiroegoncalves.com.br\/en\/wp-json\/wp\/v2\/tags?post=4004"}],"curies":[{"name":"wp","href":"https:\/\/api.w.org\/{rel}","templated":true}]}}